{"id":112427,"date":"2017-05-19T10:44:00","date_gmt":"2017-05-19T10:44:00","guid":{"rendered":"http:\/\/muzej-novi.local\/\/obelezavanje-medunarodnog-dana-muzeja-u-muzeju-vojvodine\/"},"modified":"2020-01-21T13:06:44","modified_gmt":"2020-01-21T13:06:44","slug":"obelezavanje-medunarodnog-dana-muzeja-u-muzeju-vojvodine","status":"publish","type":"post","link":"https:\/\/djukic.online\/lat\/obelezavanje-medunarodnog-dana-muzeja-u-muzeju-vojvodine\/","title":{"rendered":"Obele\u017eavanje me\u0111unarodnog Dana muzeja u Muzeju Vojvodine"},"content":{"rendered":"<p style=\"text-align: justify;\">Tokom me\u0111unarodnog Dana muzeja, 18. maja, u Muzeju Vojvodine (Dunavska 35) uprili\u010dena je sve\u010danost povodom dodeljivanja nagrada dva nacionalna muzejska udru\u017eenja i jedne nacionalne manifestacije. Muzejsko dru\u0161tvo Srbije, NK IKOM i Organizacioni odbor manifestacije Muzeji u Srbiji 10 dana od 10 do 10 dodelio je svoje nagrade zaslu\u017enim pojedincima i ustanovama za 2016. godinu.<\/p>\n<p style=\"text-align: justify;\"><span style=\"font-size: 12.16px;\">Muzeju Vojvodine je ovom prilikom doeljena nagrada<em> Muzeji za 10<\/em> od strane Organizacionog odbor manifestacije <em>Muzeji Srbije 10 dana od 10 do 10<\/em>, a ovu nagradu su tako\u0111e dobili i: Galerija savremene likovne umetnosti Ni\u0161, Gradski muzej Sombor, Zavi\u010dajni muzej Jagodina, Zavi\u010dajni muzej Petrovac na Mlavi, Muzej Jugoslavije, Muzej naivne umetnosti \u201eIlijanum\u201c, Muzej Poni\u0161avlja, Narodni muzej Leskovac i Narodni muzej \u0160abac.<\/span><\/p>\n<p><!--more--><\/p>\n<p style=\"text-align: justify;\">Obrazlo\u017eenje za nagradu je sa\u017eeto u slede\u0107em: \u201eZbog ukupnog zalaganja u 2015. i 2016. godini Muzej Vojvodine zaslu\u017eio je da ponese ovo priznanje. Jedinstven projekat, osmi\u0161ljen za manifestaciju 2015, <em>Muzej za decu,<\/em> kojim je najmla\u0111im posetiocima kroz igru i igra\u010dke obja\u0161njeno funkcionisanje muzeja, izuzetan je primer uspe\u0161nog programa koji je nastavio da \u017eivi i nakon manifestacije s velikim izgledima da preraste u deo stalnog programa za decu, kome se u Muzeju Vojvodine poklanja izuzetna pa\u017enja. O tome svedo\u010di devet tematski razli\u010ditih radionica za decu koje su pratile ovu i ostale izlo\u017ebe i stalnu postavku 2015. godine. I tokom manifestacije 2016. programi za decu su pratili sve realizovane izlo\u017ebe, a jedan dan je bio posve\u0107en iskoraku muzeja u grad, pa su se radionice, predavanja i koncert odr\u017eali u Dunavskom parku.\u201c<\/p>\n<div style=\"position: relative; height: 0; padding-bottom: 56.25%;\"><iframe loading=\"lazy\" style=\"position: absolute; width: 100%; height: 100%; left: 0;\" src=\"https:\/\/www.youtube.com\/embed\/_x-enMP4xfE?ecver=2\" width=\"640\" height=\"360\" frameborder=\"0\" allowfullscreen=\"allowfullscreen\"><\/iframe><\/div>\n<p style=\"text-align: justify;\">\n","protected":false},"excerpt":{"rendered":"<p>Tokom me\u0111unarodnog Dana muzeja, 18. maja, u Muzeju Vojvodine (Dunavska 35) uprili\u010dena je sve\u010danost povodom dodeljivanja nagrada dva nacionalna muzejska udru\u017eenja i jedne nacionalne manifestacije. Muzejsko dru\u0161tvo Srbije, NK IKOM i Organizacioni odbor manifestacije Muzeji u Srbiji 10 dana od 10 do 10 dodelio je svoje nagrade zaslu\u017enim pojedincima i ustanovama za 2016. godinu. Muzeju [&hellip;]<\/p>\n","protected":false},"author":12,"featured_media":112428,"comment_status":"open","ping_status":"open","sticky":false,"template":"","format":"standard","meta":{"_et_pb_use_builder":"","_et_pb_old_content":"","_et_gb_content_width":"","footnotes":""},"categories":[10118],"tags":[],"class_list":["post-112427","post","type-post","status-publish","format-standard","has-post-thumbnail","hentry","category-vesti-lat"],"yoast_head":"<!-- This site is optimized with the Yoast SEO plugin v28.3 - https:\/\/yoast.com\/product\/yoast-seo-wordpress\/ -->\n<title>Obele\u017eavanje me\u0111unarodnog Dana muzeja u Muzeju Vojvodine - Muzej Vojvodine<\/title>\n<meta name=\"robots\" content=\"noindex, follow, max-snippet:-1, max-image-preview:large, max-video-preview:-1\" \/>\n<meta property=\"og:locale\" content=\"en_US\" \/>\n<meta property=\"og:type\" content=\"article\" \/>\n<meta property=\"og:title\" content=\"Obele\u017eavanje me\u0111unarodnog Dana muzeja u Muzeju Vojvodine - Muzej Vojvodine\" \/>\n<meta property=\"og:description\" content=\"Tokom me\u0111unarodnog Dana muzeja, 18. maja, u Muzeju Vojvodine (Dunavska 35) uprili\u010dena je sve\u010danost povodom dodeljivanja nagrada dva nacionalna muzejska udru\u017eenja i jedne nacionalne manifestacije. Muzejsko dru\u0161tvo Srbije, NK IKOM i Organizacioni odbor manifestacije Muzeji u Srbiji 10 dana od 10 do 10 dodelio je svoje nagrade zaslu\u017enim pojedincima i ustanovama za 2016. godinu. Muzeju [&hellip;]\" \/>\n<meta property=\"og:url\" content=\"https:\/\/djukic.online\/lat\/obelezavanje-medunarodnog-dana-muzeja-u-muzeju-vojvodine\/\" \/>\n<meta property=\"og:site_name\" content=\"Muzej Vojvodine\" \/>\n<meta property=\"article:published_time\" content=\"2017-05-19T10:44:00+00:00\" \/>\n<meta property=\"article:modified_time\" content=\"2020-01-21T13:06:44+00:00\" \/>\n<meta property=\"og:image\" content=\"https:\/\/djukic.online\/wp-content\/uploads\/2017\/05\/DSC_0073.JPG\" \/>\n\t<meta property=\"og:image:width\" content=\"679\" \/>\n\t<meta property=\"og:image:height\" content=\"539\" \/>\n\t<meta property=\"og:image:type\" content=\"image\/jpeg\" \/>\n<meta name=\"twitter:card\" content=\"summary_large_image\" \/>\n<meta name=\"twitter:label1\" content=\"Written by\" \/>\n\t<meta name=\"twitter:data1\" content=\"\" \/>\n\t<meta name=\"twitter:label2\" content=\"Est. reading time\" \/>\n\t<meta name=\"twitter:data2\" content=\"1 minute\" \/>\n<script type=\"application\/ld+json\" class=\"yoast-schema-graph\">{\"@context\":\"https:\\\/\\\/schema.org\",\"@graph\":[{\"@type\":\"Article\",\"@id\":\"https:\\\/\\\/djukic.online\\\/lat\\\/obelezavanje-medunarodnog-dana-muzeja-u-muzeju-vojvodine\\\/#article\",\"isPartOf\":{\"@id\":\"https:\\\/\\\/djukic.online\\\/lat\\\/obelezavanje-medunarodnog-dana-muzeja-u-muzeju-vojvodine\\\/\"},\"author\":{\"name\":\"\",\"@id\":\"\"},\"headline\":\"Obele\u017eavanje me\u0111unarodnog Dana muzeja u Muzeju Vojvodine\",\"datePublished\":\"2017-05-19T10:44:00+00:00\",\"dateModified\":\"2020-01-21T13:06:44+00:00\",\"mainEntityOfPage\":{\"@id\":\"https:\\\/\\\/djukic.online\\\/lat\\\/obelezavanje-medunarodnog-dana-muzeja-u-muzeju-vojvodine\\\/\"},\"wordCount\":264,\"commentCount\":0,\"image\":{\"@id\":\"https:\\\/\\\/djukic.online\\\/lat\\\/obelezavanje-medunarodnog-dana-muzeja-u-muzeju-vojvodine\\\/#primaryimage\"},\"thumbnailUrl\":\"https:\\\/\\\/djukic.online\\\/wp-content\\\/uploads\\\/2017\\\/05\\\/DSC_0073.JPG\",\"articleSection\":[\"Vesti\"],\"inLanguage\":\"sr-lt\",\"potentialAction\":[{\"@type\":\"CommentAction\",\"name\":\"Comment\",\"target\":[\"https:\\\/\\\/djukic.online\\\/lat\\\/obelezavanje-medunarodnog-dana-muzeja-u-muzeju-vojvodine\\\/#respond\"]}]},{\"@type\":\"WebPage\",\"@id\":\"https:\\\/\\\/djukic.online\\\/lat\\\/obelezavanje-medunarodnog-dana-muzeja-u-muzeju-vojvodine\\\/\",\"url\":\"https:\\\/\\\/djukic.online\\\/lat\\\/obelezavanje-medunarodnog-dana-muzeja-u-muzeju-vojvodine\\\/\",\"name\":\"Obele\u017eavanje me\u0111unarodnog Dana muzeja u Muzeju Vojvodine - Muzej Vojvodine\",\"isPartOf\":{\"@id\":\"https:\\\/\\\/djukic.online\\\/lat\\\/#website\"},\"primaryImageOfPage\":{\"@id\":\"https:\\\/\\\/djukic.online\\\/lat\\\/obelezavanje-medunarodnog-dana-muzeja-u-muzeju-vojvodine\\\/#primaryimage\"},\"image\":{\"@id\":\"https:\\\/\\\/djukic.online\\\/lat\\\/obelezavanje-medunarodnog-dana-muzeja-u-muzeju-vojvodine\\\/#primaryimage\"},\"thumbnailUrl\":\"https:\\\/\\\/djukic.online\\\/wp-content\\\/uploads\\\/2017\\\/05\\\/DSC_0073.JPG\",\"datePublished\":\"2017-05-19T10:44:00+00:00\",\"dateModified\":\"2020-01-21T13:06:44+00:00\",\"author\":{\"@id\":\"\"},\"breadcrumb\":{\"@id\":\"https:\\\/\\\/djukic.online\\\/lat\\\/obelezavanje-medunarodnog-dana-muzeja-u-muzeju-vojvodine\\\/#breadcrumb\"},\"inLanguage\":\"sr-lt\",\"potentialAction\":[{\"@type\":\"ReadAction\",\"target\":[\"https:\\\/\\\/djukic.online\\\/lat\\\/obelezavanje-medunarodnog-dana-muzeja-u-muzeju-vojvodine\\\/\"]}]},{\"@type\":\"ImageObject\",\"inLanguage\":\"sr-lt\",\"@id\":\"https:\\\/\\\/djukic.online\\\/lat\\\/obelezavanje-medunarodnog-dana-muzeja-u-muzeju-vojvodine\\\/#primaryimage\",\"url\":\"https:\\\/\\\/djukic.online\\\/wp-content\\\/uploads\\\/2017\\\/05\\\/DSC_0073.JPG\",\"contentUrl\":\"https:\\\/\\\/djukic.online\\\/wp-content\\\/uploads\\\/2017\\\/05\\\/DSC_0073.JPG\",\"width\":679,\"height\":539},{\"@type\":\"BreadcrumbList\",\"@id\":\"https:\\\/\\\/djukic.online\\\/lat\\\/obelezavanje-medunarodnog-dana-muzeja-u-muzeju-vojvodine\\\/#breadcrumb\",\"itemListElement\":[{\"@type\":\"ListItem\",\"position\":1,\"name\":\"\u041f\u043e\u0447\u0435\u0442\u043d\u0430\",\"item\":\"https:\\\/\\\/djukic.online\\\/lat\\\/\"},{\"@type\":\"ListItem\",\"position\":2,\"name\":\"Obele\u017eavanje me\u0111unarodnog Dana muzeja u Muzeju Vojvodine\"}]},{\"@type\":\"WebSite\",\"@id\":\"https:\\\/\\\/djukic.online\\\/lat\\\/#website\",\"url\":\"https:\\\/\\\/djukic.online\\\/lat\\\/\",\"name\":\"Muzej Vojvodine\",\"description\":\"Muzej Vojvodine je pokrajinski muzej kompleksnog tipa koji prikuplja, obra\u0111uje, \u010duva i prezentuje muzejsku gra\u0111u sa teritorije Vojvodine.\",\"potentialAction\":[{\"@type\":\"SearchAction\",\"target\":{\"@type\":\"EntryPoint\",\"urlTemplate\":\"https:\\\/\\\/djukic.online\\\/lat\\\/?s={search_term_string}\"},\"query-input\":{\"@type\":\"PropertyValueSpecification\",\"valueRequired\":true,\"valueName\":\"search_term_string\"}}],\"inLanguage\":\"sr-lt\"},{\"@type\":\"Person\",\"@id\":\"\",\"url\":\"https:\\\/\\\/djukic.online\\\/lat\\\/author\\\/\"}]}<\/script>\n<!-- \/ Yoast SEO plugin. -->","yoast_head_json":{"title":"Obele\u017eavanje me\u0111unarodnog Dana muzeja u Muzeju Vojvodine - Muzej Vojvodine","robots":{"index":"noindex","follow":"follow","max-snippet":"max-snippet:-1","max-image-preview":"max-image-preview:large","max-video-preview":"max-video-preview:-1"},"og_locale":"en_US","og_type":"article","og_title":"Obele\u017eavanje me\u0111unarodnog Dana muzeja u Muzeju Vojvodine - Muzej Vojvodine","og_description":"Tokom me\u0111unarodnog Dana muzeja, 18. maja, u Muzeju Vojvodine (Dunavska 35) uprili\u010dena je sve\u010danost povodom dodeljivanja nagrada dva nacionalna muzejska udru\u017eenja i jedne nacionalne manifestacije. Muzejsko dru\u0161tvo Srbije, NK IKOM i Organizacioni odbor manifestacije Muzeji u Srbiji 10 dana od 10 do 10 dodelio je svoje nagrade zaslu\u017enim pojedincima i ustanovama za 2016. godinu. Muzeju [&hellip;]","og_url":"https:\/\/djukic.online\/lat\/obelezavanje-medunarodnog-dana-muzeja-u-muzeju-vojvodine\/","og_site_name":"Muzej Vojvodine","article_published_time":"2017-05-19T10:44:00+00:00","article_modified_time":"2020-01-21T13:06:44+00:00","og_image":[{"width":679,"height":539,"url":"https:\/\/djukic.online\/wp-content\/uploads\/2017\/05\/DSC_0073.JPG","type":"image\/jpeg"}],"twitter_card":"summary_large_image","twitter_misc":{"Written by":"","Est. reading time":"1 minute"},"schema":{"@context":"https:\/\/schema.org","@graph":[{"@type":"Article","@id":"https:\/\/djukic.online\/lat\/obelezavanje-medunarodnog-dana-muzeja-u-muzeju-vojvodine\/#article","isPartOf":{"@id":"https:\/\/djukic.online\/lat\/obelezavanje-medunarodnog-dana-muzeja-u-muzeju-vojvodine\/"},"author":{"name":"","@id":""},"headline":"Obele\u017eavanje me\u0111unarodnog Dana muzeja u Muzeju Vojvodine","datePublished":"2017-05-19T10:44:00+00:00","dateModified":"2020-01-21T13:06:44+00:00","mainEntityOfPage":{"@id":"https:\/\/djukic.online\/lat\/obelezavanje-medunarodnog-dana-muzeja-u-muzeju-vojvodine\/"},"wordCount":264,"commentCount":0,"image":{"@id":"https:\/\/djukic.online\/lat\/obelezavanje-medunarodnog-dana-muzeja-u-muzeju-vojvodine\/#primaryimage"},"thumbnailUrl":"https:\/\/djukic.online\/wp-content\/uploads\/2017\/05\/DSC_0073.JPG","articleSection":["Vesti"],"inLanguage":"sr-lt","potentialAction":[{"@type":"CommentAction","name":"Comment","target":["https:\/\/djukic.online\/lat\/obelezavanje-medunarodnog-dana-muzeja-u-muzeju-vojvodine\/#respond"]}]},{"@type":"WebPage","@id":"https:\/\/djukic.online\/lat\/obelezavanje-medunarodnog-dana-muzeja-u-muzeju-vojvodine\/","url":"https:\/\/djukic.online\/lat\/obelezavanje-medunarodnog-dana-muzeja-u-muzeju-vojvodine\/","name":"Obele\u017eavanje me\u0111unarodnog Dana muzeja u Muzeju Vojvodine - Muzej Vojvodine","isPartOf":{"@id":"https:\/\/djukic.online\/lat\/#website"},"primaryImageOfPage":{"@id":"https:\/\/djukic.online\/lat\/obelezavanje-medunarodnog-dana-muzeja-u-muzeju-vojvodine\/#primaryimage"},"image":{"@id":"https:\/\/djukic.online\/lat\/obelezavanje-medunarodnog-dana-muzeja-u-muzeju-vojvodine\/#primaryimage"},"thumbnailUrl":"https:\/\/djukic.online\/wp-content\/uploads\/2017\/05\/DSC_0073.JPG","datePublished":"2017-05-19T10:44:00+00:00","dateModified":"2020-01-21T13:06:44+00:00","author":{"@id":""},"breadcrumb":{"@id":"https:\/\/djukic.online\/lat\/obelezavanje-medunarodnog-dana-muzeja-u-muzeju-vojvodine\/#breadcrumb"},"inLanguage":"sr-lt","potentialAction":[{"@type":"ReadAction","target":["https:\/\/djukic.online\/lat\/obelezavanje-medunarodnog-dana-muzeja-u-muzeju-vojvodine\/"]}]},{"@type":"ImageObject","inLanguage":"sr-lt","@id":"https:\/\/djukic.online\/lat\/obelezavanje-medunarodnog-dana-muzeja-u-muzeju-vojvodine\/#primaryimage","url":"https:\/\/djukic.online\/wp-content\/uploads\/2017\/05\/DSC_0073.JPG","contentUrl":"https:\/\/djukic.online\/wp-content\/uploads\/2017\/05\/DSC_0073.JPG","width":679,"height":539},{"@type":"BreadcrumbList","@id":"https:\/\/djukic.online\/lat\/obelezavanje-medunarodnog-dana-muzeja-u-muzeju-vojvodine\/#breadcrumb","itemListElement":[{"@type":"ListItem","position":1,"name":"\u041f\u043e\u0447\u0435\u0442\u043d\u0430","item":"https:\/\/djukic.online\/lat\/"},{"@type":"ListItem","position":2,"name":"Obele\u017eavanje me\u0111unarodnog Dana muzeja u Muzeju Vojvodine"}]},{"@type":"WebSite","@id":"https:\/\/djukic.online\/lat\/#website","url":"https:\/\/djukic.online\/lat\/","name":"Muzej Vojvodine","description":"Muzej Vojvodine je pokrajinski muzej kompleksnog tipa koji prikuplja, obra\u0111uje, \u010duva i prezentuje muzejsku gra\u0111u sa teritorije Vojvodine.","potentialAction":[{"@type":"SearchAction","target":{"@type":"EntryPoint","urlTemplate":"https:\/\/djukic.online\/lat\/?s={search_term_string}"},"query-input":{"@type":"PropertyValueSpecification","valueRequired":true,"valueName":"search_term_string"}}],"inLanguage":"sr-lt"},{"@type":"Person","@id":"","url":"https:\/\/djukic.online\/lat\/author\/"}]}},"_links":{"self":[{"href":"https:\/\/djukic.online\/lat\/wp-json\/wp\/v2\/posts\/112427","targetHints":{"allow":["GET"]}}],"collection":[{"href":"https:\/\/djukic.online\/lat\/wp-json\/wp\/v2\/posts"}],"about":[{"href":"https:\/\/djukic.online\/lat\/wp-json\/wp\/v2\/types\/post"}],"author":[{"embeddable":true,"href":"https:\/\/djukic.online\/lat\/wp-json\/wp\/v2\/users\/12"}],"replies":[{"embeddable":true,"href":"https:\/\/djukic.online\/lat\/wp-json\/wp\/v2\/comments?post=112427"}],"version-history":[{"count":0,"href":"https:\/\/djukic.online\/lat\/wp-json\/wp\/v2\/posts\/112427\/revisions"}],"wp:featuredmedia":[{"embeddable":true,"href":"https:\/\/djukic.online\/lat\/wp-json\/wp\/v2\/media\/112428"}],"wp:attachment":[{"href":"https:\/\/djukic.online\/lat\/wp-json\/wp\/v2\/media?parent=112427"}],"wp:term":[{"taxonomy":"category","embeddable":true,"href":"https:\/\/djukic.online\/lat\/wp-json\/wp\/v2\/categories?post=112427"},{"taxonomy":"post_tag","embeddable":true,"href":"https:\/\/djukic.online\/lat\/wp-json\/wp\/v2\/tags?post=112427"}],"curies":[{"name":"wp","href":"https:\/\/api.w.org\/{rel}","templated":true}]}}